[{"@context":"https:\/\/schema.org\/","@type":"Article","@id":"https:\/\/www.zindl.cz\/barva-fasady-domu\/#Article","mainEntityOfPage":"https:\/\/www.zindl.cz\/barva-fasady-domu\/","headline":"Barva fas\u00e1dy domu","name":"Barva fas\u00e1dy domu","description":"Fas\u00e1da domu podtrhne jeho celkov\u00fd vzhled a ud\u011bl\u00e1 pomyslnou te\u010dku za pracemi renovuj\u00edc\u00edmi \u010di stav\u011bj\u00edc\u00edmi nov\u00fd d\u016fm. Na v\u00fdb\u011br je \u0161irok\u00e1 paleta barev, ze kter\u00fdch [&hellip;]","datePublished":"2019-09-06","dateModified":"2023-06-08","author":{"@type":"Person","@id":"https:\/\/www.zindl.cz\/author\/#Person","name":"","url":"https:\/\/www.zindl.cz\/author\/","identifier":1,"image":{"@type":"ImageObject","@id":"https:\/\/secure.gravatar.com\/avatar\/7726f7b8e3ba8979c4cf2ad896cb2e8cc05af8ceb17ce4fb40617b72e0be53b4?s=96&d=mm&r=g","url":"https:\/\/secure.gravatar.com\/avatar\/7726f7b8e3ba8979c4cf2ad896cb2e8cc05af8ceb17ce4fb40617b72e0be53b4?s=96&d=mm&r=g","height":96,"width":96}},"publisher":{"@type":"Organization","name":"zindl.cz","logo":{"@type":"ImageObject","@id":"\/logo.png","url":"\/logo.png","width":600,"height":60}},"image":{"@type":"ImageObject","@id":"https:\/\/www.zindl.cz\/wp-content\/uploads\/img_a354496_w3788_t1568994382.jpg","url":"https:\/\/www.zindl.cz\/wp-content\/uploads\/img_a354496_w3788_t1568994382.jpg","height":0,"width":0},"url":"https:\/\/www.zindl.cz\/barva-fasady-domu\/","about":["D\u016fm"],"wordCount":487,"articleBody":"Fas\u00e1da domu podtrhne jeho celkov\u00fd vzhled a ud\u011bl\u00e1 pomyslnou te\u010dku za pracemi renovuj\u00edc\u00edmi \u010di stav\u011bj\u00edc\u00edmi nov\u00fd d\u016fm. Na v\u00fdb\u011br je \u0161irok\u00e1 paleta barev, ze kter\u00fdch lze vyb\u00edrat. Jak ale vybrat takovou, kter\u00e1 domu bude skute\u010dn\u011b slu\u0161et?\t\u00dapln\u011b na za\u010d\u00e1tku je dobr\u00e9 v\u011bd\u011bt, jestli chceme tmavou nebo sv\u011btlou barvu, ka\u017ed\u00e1 se toti\u017e chov\u00e1 tro\u0161ku jinak. Tmav\u00e1 barva m\u00e1 toti\u017e tendenci po \u010dase pom\u011brn\u011b rychle blednout vlivem po\u010das\u00ed a dal\u0161\u00edch p\u0159\u00edrodn\u00edch vliv\u016f, tak\u017ee z&nbsp;jedn\u00e9 strany si m\u016f\u017ee d\u016fm zachovat svou barvu a z&nbsp;druh\u00e9 ji\u017e ne, co\u017e bude p\u016fsobit nevzhledn\u00fdm dojmem. Tmav\u00e9 barvy nav\u00edc neodr\u00e1\u017e\u00ed sv\u011btlo jako sv\u011btl\u00e9, proto je vhodn\u00e9 pro z\u00e1jemce o tmav\u00e9 barvy zvolit modern\u00ed prov\u011btr\u00e1vanou fas\u00e1du, kter\u00e1 se nep\u0159eh\u0159\u00edv\u00e1, nebledne a celkov\u011b m\u00e1 del\u0161\u00ed \u017eivotnost.\tAby fas\u00e1da na domu dob\u0159e vypadala, mus\u00ed v\u0161echno se v\u0161\u00edm ladit. Je pot\u0159eba se zam\u011b\u0159it na slad\u011bn\u00ed s&nbsp;barvou oken, r\u016fzn\u00fdmi prvky na dom\u011b \u010di kolem n\u011bj a tak\u00e9 barevn\u00e9 slad\u011bn\u00ed se st\u0159echou.\tCo se t\u00fdk\u00e1 barvy oken, je vhodn\u00e9 se \u0159\u00eddit n\u011bkolika obecn\u00fdmi p\u0159edpisy: ke d\u0159ev\u011bn\u00fdm okn\u016fm (nebo okn\u016fm s&nbsp;d\u0159ev\u011bn\u00fdm dekorem) se hod\u00ed p\u0159\u00edrodn\u00ed odst\u00edny (hn\u011bd\u00e1, okrov\u00e1, \u017elut\u00e1 \u010di b\u00edl\u00e1), k&nbsp;\u0161ed\u00fdm \u010di antracitov\u00fdm se mohou volit divo\u010dej\u0161\u00ed barvy (fialov\u00e1, zelen\u00e1, \u010derven\u00e1, modr\u00e1) a nakonec k&nbsp;b\u00edl\u00fdm okn\u016fm lze vybrat odst\u00edny jak\u00e9koliv.\tPokud m\u00e1me nebo pl\u00e1nujeme m\u00edt d\u0159ev\u011bn\u00e9 \u010di kamenn\u00e9 prvky na dom\u011b \u010di kolem n\u011bj, op\u011bt mus\u00edme myslet na celkov\u00e9 slad\u011bn\u00ed barevn\u00fdch odst\u00edn\u016f. D\u0159evo a p\u00edskovec je mo\u017en\u00e9 ladit s&nbsp;p\u0159\u00edrodn\u00edmi odst\u00edny, k\u00e1men a beton pak m\u016f\u017eou dopl\u0148ovat v\u00fdrazn\u011bj\u0161\u00ed barvy.\t\tJe d\u016fle\u017eit\u00e9 myslet tak\u00e9 na barvu st\u0159echy. Proto\u017ee zat\u00edmco \u010dern\u00e1 st\u0159echa snese prakticky v\u0161echny odst\u00edny, \u010derven\u00e1 mus\u00ed m\u00edt m\u00e9n\u011b v\u00fdrazn\u00e9 barvy, jako jsou odst\u00edny hn\u011bd\u00e9, okrov\u00e9 \u010di b\u00edl\u00e9.\tBarevn\u00fd odst\u00edn ovlivn\u00ed tak\u00e9 struktura fas\u00e1dy. Ta hladk\u00e1 p\u016fsob\u00ed sv\u011btleji, zat\u00edmco zrnit\u00e1 je naopak tmav\u0161\u00ed. Je mo\u017en\u00e9 volit z&nbsp;v\u00edce hrubost\u00ed a tak\u00e9 podle techniky dr\u00e1san\u00e9 \u010di to\u010den\u00e9 fas\u00e1dy.\t\tBarvu d\u00e1le ovlivn\u00ed tak\u00e9 velikost plochy, kterou bude zauj\u00edmat. Zat\u00edmco men\u0161\u00ed domy snesou sladce r\u016f\u017eovou barvu, ty v\u011bt\u0161\u00ed by s&nbsp;n\u00ed mohly p\u016fsobit p\u0159ehnan\u011b a\u017e nevkusn\u011b. Kdo p\u0159ece o takovou barvu stoj\u00ed, ji m\u016f\u017ee pou\u017e\u00edt na \u010d\u00e1st plochy a zbytek doplnit v\u00edce neutr\u00e1ln\u00ed barvou.                                                                                                                                                                                                                                                                                                                                                                                        4.5\/5 - (6 votes)        "},{"@context":"https:\/\/schema.org\/","@type":"BreadcrumbList","itemListElement":[{"@type":"ListItem","position":1,"name":"Barva fas\u00e1dy domu","item":"https:\/\/www.zindl.cz\/barva-fasady-domu\/#breadcrumbitem"}]}]