[{"@context":"https:\/\/schema.org\/","@type":"Article","@id":"https:\/\/www.zindl.cz\/je-mozne-pouzit-na-obklad-prirodni-kamen\/#Article","mainEntityOfPage":"https:\/\/www.zindl.cz\/je-mozne-pouzit-na-obklad-prirodni-kamen\/","headline":"Je mo\u017en\u00e9 pou\u017e\u00edt na obklad p\u0159\u00edrodn\u00ed k\u00e1men?","name":"Je mo\u017en\u00e9 pou\u017e\u00edt na obklad p\u0159\u00edrodn\u00ed k\u00e1men?","description":"Jedn\u00edm ze z\u00e1klad\u016f spokojen\u00e9ho \u017eivota je i bydlen\u00ed. N\u00e1\u0161 domov by m\u011blo b\u00fdt m\u00edsto, kde se c\u00edt\u00edme dob\u0159e, kde m\u016f\u017eeme relaxovat a nab\u00edrat nov\u00e9 s\u00edly. [&hellip;]","datePublished":"2021-09-19","dateModified":"2023-06-08","author":{"@type":"Person","@id":"https:\/\/www.zindl.cz\/author\/#Person","name":"","url":"https:\/\/www.zindl.cz\/author\/","identifier":1,"image":{"@type":"ImageObject","@id":"https:\/\/secure.gravatar.com\/avatar\/7726f7b8e3ba8979c4cf2ad896cb2e8cc05af8ceb17ce4fb40617b72e0be53b4?s=96&d=mm&r=g","url":"https:\/\/secure.gravatar.com\/avatar\/7726f7b8e3ba8979c4cf2ad896cb2e8cc05af8ceb17ce4fb40617b72e0be53b4?s=96&d=mm&r=g","height":96,"width":96}},"publisher":{"@type":"Organization","name":"zindl.cz","logo":{"@type":"ImageObject","@id":"\/logo.png","url":"\/logo.png","width":600,"height":60}},"image":{"@type":"ImageObject","@id":"https:\/\/www.zindl.cz\/wp-content\/uploads\/kamobklad2_3.jpg","url":"https:\/\/www.zindl.cz\/wp-content\/uploads\/kamobklad2_3.jpg","height":0,"width":0},"url":"https:\/\/www.zindl.cz\/je-mozne-pouzit-na-obklad-prirodni-kamen\/","about":["V\u00fdrobky"],"wordCount":431,"articleBody":"Jedn\u00edm ze z\u00e1klad\u016f spokojen\u00e9ho \u017eivota je i bydlen\u00ed. N\u00e1\u0161 domov by m\u011blo b\u00fdt m\u00edsto, kde se c\u00edt\u00edme dob\u0159e, kde m\u016f\u017eeme relaxovat a nab\u00edrat nov\u00e9 s\u00edly. Abychom zde v\u0161ak vytvo\u0159ili \u017e\u00e1douc\u00ed atmosf\u00e9ru, je tak\u00e9 nutn\u00e9, aby se n\u00e1m zde l\u00edbilo, tud\u00ed\u017e mus\u00ed m\u00edt i p\u011bkn\u00fd vzhled, kter\u00fd ov\u0161em nen\u00ed na \u00fakor prakti\u010dnosti.A\u010dkoliv v\u0161ak ka\u017ed\u00fd z n\u00e1s m\u00e1 jin\u00fd vkus, je pochopiteln\u00e9, \u017ee n\u011bkter\u00e9 prvky se u v\u011bt\u0161iny budov opakuj\u00ed, bu\u010f proto, \u017ee si je vynut\u00ed bezpe\u010dnostn\u00ed pravidla, nebo zkr\u00e1tka proto, \u017ee jsou praktick\u00e9 a mnoha lidem se l\u00edb\u00ed.To je pravda tak\u00e9 o kamenn\u00e9m oblo\u017een\u00ed, a\u0165 u\u017e vnit\u0159n\u00edm \u010di vn\u011bj\u0161\u00edm. To m\u00e1 za \u00fakol nejen zlep\u0161ovat vzhled, ale tak\u00e9 zpev\u0148ovat a chr\u00e1nit fas\u00e1du \u010di zdi. Je tedy jasn\u00e9, \u017ee se jedn\u00e1 o velmi u\u017eite\u010dn\u00fd prvek, a nen\u00ed tedy divu, \u017ee jej najdeme na mnoha m\u00edstech.Samoz\u0159ejm\u00e9 v\u0161ak je, \u017ee nem\u016f\u017eeme k tomuto \u00fa\u010delu pou\u017e\u00edt jak\u00fdkoliv typ kamene. N\u011bkter\u00e9 se hod\u00ed v\u00edce, jin\u00e9 m\u00e9n\u011b. Ov\u0161em r\u016fzn\u00e1 je tak\u00e9 jejich cena. Je proto nutn\u00e9 naj\u00edt kompromis mezi n\u00ed, kvalitou a vzhledem.N\u011bkte\u0159\u00ed lid\u00e9 se proto ptaj\u00ed, zda je mo\u017en\u00e9 pou\u017e\u00edt jako obklad p\u0159\u00edrodn\u00ed k\u00e1men. Zde v\u0161ak z\u00e1le\u017e\u00ed na tom, co p\u0159esn\u011b p\u0159\u00edrodn\u00edm kamenem mysl\u00edme. Pokud m\u00e1me na mysli klasick\u00e9 kameny, kter\u00e9 najdeme nap\u0159\u00edklad p\u0159i proch\u00e1zce p\u0159\u00edrodou, pak tyto jsou obvykle nevhodn\u00e9, a to hned z n\u011bkolika d\u016fvod\u016f.P\u0159edn\u011b v\u011bt\u0161ina z n\u00e1s nem\u00e1 dostate\u010dn\u00e9 znalosti, aby p\u0159esn\u011b dok\u00e1zala ur\u010dit druh a typ. Nev\u00edme tedy, zda bude m\u00edt po\u017eadovan\u00e9 vlastnosti. Nav\u00edc je zde i fakt, \u017ee jejich tvar je velmi nepravideln\u00fd, co\u017e sice m\u016f\u017ee v n\u011bkter\u00fdch p\u0159\u00edpadech vypadat dob\u0159e, av\u0161ak v\u011bt\u0161inou to sni\u017euje jak \u00fa\u010dinnost, tak i celkov\u00fd vzhled.Pokud v\u0161ak mluv\u00edme o p\u0159\u00edrodn\u00edch kamenech, kter\u00e9 byly profesion\u00e1ln\u011b vyt\u011b\u017eeny a upraveny, jako nap\u0159\u00edklad b\u0159idlice \u010di \u017eula, pak nen\u00ed d\u016fvod, pro\u010d tyto nepou\u017e\u00edt. Naopak, v naprost\u00e9 v\u011bt\u0161in\u011b p\u0159\u00edpad\u016f jsou pro tento \u00fa\u010del nejvhodn\u011bj\u0161\u00ed. Nav\u00edc m\u00e1te i jistotu, co kupujete, a to je tak\u00e9 velmi d\u016fle\u017eit\u00e9. Bez toho bychom se toti\u017e neobe\u0161li.                                                                                                                                                                                                                                                                                                                                                                                         4.7\/5 - (4 votes)        "},{"@context":"https:\/\/schema.org\/","@type":"BreadcrumbList","itemListElement":[{"@type":"ListItem","position":1,"name":"Je mo\u017en\u00e9 pou\u017e\u00edt na obklad p\u0159\u00edrodn\u00ed k\u00e1men?","item":"https:\/\/www.zindl.cz\/je-mozne-pouzit-na-obklad-prirodni-kamen\/#breadcrumbitem"}]}]