[{"@context":"https:\/\/schema.org\/","@type":"Article","@id":"https:\/\/www.zindl.cz\/nova-doba\/#Article","mainEntityOfPage":"https:\/\/www.zindl.cz\/nova-doba\/","headline":"Nov\u00e1 doba","name":"Nov\u00e1 doba","description":"Lidem se nechce pracovat zlob\u00ed se podnikatel\u00e9, mana\u017ee\u0159i jsou bezmocn\u00ed. Hned v&nbsp;\u00favodu \u010dl\u00e1nku bych cht\u011bl d\u016frazn\u011b upozornit na rozd\u00edl mezi \u017eivnostn\u00edky a drobn\u00fdmi podnikateli s&nbsp;p\u00e1r [&hellip;]","datePublished":"2019-09-01","dateModified":"2023-06-08","author":{"@type":"Person","@id":"https:\/\/www.zindl.cz\/author\/#Person","name":"","url":"https:\/\/www.zindl.cz\/author\/","identifier":1,"image":{"@type":"ImageObject","@id":"https:\/\/secure.gravatar.com\/avatar\/7726f7b8e3ba8979c4cf2ad896cb2e8cc05af8ceb17ce4fb40617b72e0be53b4?s=96&d=mm&r=g","url":"https:\/\/secure.gravatar.com\/avatar\/7726f7b8e3ba8979c4cf2ad896cb2e8cc05af8ceb17ce4fb40617b72e0be53b4?s=96&d=mm&r=g","height":96,"width":96}},"publisher":{"@type":"Organization","name":"zindl.cz","logo":{"@type":"ImageObject","@id":"\/logo.png","url":"\/logo.png","width":600,"height":60}},"image":{"@type":"ImageObject","@id":"https:\/\/www.zindl.cz\/wp-content\/uploads\/img_a355241_w3788_t1569664985.png","url":"https:\/\/www.zindl.cz\/wp-content\/uploads\/img_a355241_w3788_t1569664985.png","height":0,"width":0},"url":"https:\/\/www.zindl.cz\/nova-doba\/","about":["Politika"],"wordCount":606,"articleBody":"Lidem se nechce pracovat zlob\u00ed se podnikatel\u00e9, mana\u017ee\u0159i jsou bezmocn\u00ed. Hned v&nbsp;\u00favodu \u010dl\u00e1nku bych cht\u011bl d\u016frazn\u011b upozornit na rozd\u00edl mezi \u017eivnostn\u00edky a drobn\u00fdmi podnikateli s&nbsp;p\u00e1r zam\u011bstnanci na jedn\u00e9 stran\u011b a korpor\u00e1tn\u00edmi mana\u017eery a majiteli ob\u0159\u00edch podnik\u016f se stovkami nebo tis\u00edci zam\u011bstnanci. Zat\u00edmco prve jmenovan\u00ed \u010dasto z\u00e1pas\u00ed o hol\u00e9 p\u0159e\u017eit\u00ed a jejich pracovn\u00ed den se zas tolik neli\u0161\u00ed od pracovn\u00edho dne oby\u010dejn\u00e9ho mistra, \u0159emesln\u00edka, nebo kancel\u00e1\u0159sk\u00e9 s\u00edly, ti druz\u00ed si a\u017e p\u0159\u00edli\u0161 \u010dasto jen u\u017e\u00edvaj\u00ed plody pr\u00e1ce druh\u00fdch. Old\u0159ich Goji\u0161 majitel potravin\u00e1\u0159sk\u00e9ho imp\u00e9ria Interlacto popisuje situaci jako diktaturu zam\u011bstnanc\u016f, kte\u0159\u00ed na p\u0159\u00edkazy mana\u017eer\u016f reaguj\u00ed ob\u010das st\u00e1vkou nebo odchody. Poj\u010fme se tedy pod\u00edvat co si pan velkopodnikatel Goji\u0161 p\u0159edstavuje pod pojmem diktatura.\tSituace vypad\u00e1 asi takto a upozor\u0148uji \u017ee tak to vypad\u00e1 dnes ve v\u011bt\u0161in\u011b firem. Majiteli, kter\u00fd ro\u010dn\u011b vyd\u011bl\u00e1v\u00e1 100 milion\u016f se zd\u00e1 \u017ee vyd\u011bl\u00e1v\u00e1 m\u00e1lo a d\u00e1 sv\u00fdm mana\u017eer\u016fm p\u0159\u00edkaz zv\u00fd\u0161it produktivitu pr\u00e1ce, tito se vydaj\u00ed tou nejsnadn\u011bj\u0161\u00ed cestou a prost\u011b na\u0159\u00edd\u00ed lidem pod nejr\u016fzn\u011bj\u0161\u00edmi pohr\u016f\u017ekami, aby v\u00edce pracovali, tj. zv\u00fd\u0161\u00ed normy, ob\u010das na naprosto absurdn\u00ed \u010d\u00edsla. Jen\u017ee s&nbsp;dne\u0161n\u00ed situac\u00ed na trhu pr\u00e1ce a s&nbsp;t\u00edm \u017ee dne\u0161n\u00ed mlad\u00ed lid\u00e9 u\u017e nejsou sv\u00fdmi rodi\u010di a \u0161kolou vychov\u00e1v\u00e1ni ke slep\u00e9 poslu\u0161nosti k&nbsp;panstvu se, jak u\u017e to, tak n\u011bkdy b\u00fdv\u00e1, pot\u00e1\u017eou se zlou. Zam\u011bstnanci nejen \u017ee neza\u010dnou pracovat v\u00edce, ale pr\u00e1v\u011b ti nejzku\u0161en\u011bj\u0161\u00ed a nejschopn\u011bj\u0161\u00ed za\u010dnou odch\u00e1zet, nebo\u0165 jsou ochotni rad\u011bji riskovat chvilkovou nezam\u011bstnanost nebo p\u0159ijmou pr\u00e1ci kter\u00e1 v\u00edce napl\u0148uje, by\u0165 by i byla m\u00e9n\u011b placena, tolik tedy k&nbsp;t\u011bm zl\u00fdm a nenasytn\u00fdm zam\u011bstnanc\u016fm. D\u00e1le, pon\u011bvad\u017e nejschopn\u011bj\u0161\u00ed zam\u011bstnanci postupn\u011b ode\u0161li za lep\u0161\u00edm a mana\u017eer za boha nem\u016f\u017ee pochopit pro\u010d, za\u010dne zvy\u0161ovat tlak na zam\u011bstnance zb\u00fdvaj\u00edc\u00ed, ti, proto\u017ee z&nbsp;nejr\u016fzn\u011bj\u0161\u00edch d\u016fvod\u016f odej\u00edt nemohou nebo necht\u011bj\u00ed, nakonec d\u00edky p\u0159epracov\u00e1n\u00ed st\u00e1le \u010dast\u011bji kon\u010d\u00ed na nemocensk\u00fdch. Produktivita nejen \u017ee se nezv\u00fd\u0161ila ale dokonce pov\u00e1\u017eliv\u011b klesla. Tu za\u010dnou mana\u017ee\u0159i pl\u00e1novat nasazen\u00ed zahrani\u010dn\u00ed pracovn\u00ed s\u00edly, bohu\u017eel se ov\u0161em ukazuje \u017ee dnes u\u017e ani ti Ukrajinci nejsou tak hloup\u00ed a zoufal\u00ed, jak by bylo pot\u0159eba, jen co se rozkoukaj\u00ed zjist\u00ed, \u017ee jinde si vyd\u011blaj\u00ed v\u00edce, a tak produktivita d\u00e1le kles\u00e1.\t\tNev\u00edm jak v\u00e1m, ale mn\u011b p\u0159ipad\u00e1 \u017ee tento syst\u00e9m je neudr\u017eiteln\u00fd a j\u00e1 osobn\u011b u\u017e dnes a v&nbsp;na\u0161ich podm\u00ednk\u00e1ch vid\u00edm citeln\u00e9 zhor\u0161ov\u00e1n\u00ed slu\u017eeb i kvality i t\u011bch nejb\u011b\u017en\u011bj\u0161\u00edch v\u00fdrobk\u016f. V&nbsp;obchod\u011b dostanete zka\u017een\u00e9 maso, nebo mus\u00edte \u010dekat v\u011bky na kase, proto\u017ee je nedostatek prodava\u010dek, p\u0159ijdete do restaurace a tam kde d\u0159\u00edve obsluhovaly n\u00e1dhern\u00e9 \u010dipern\u00e9 holky se dnes plou\u017e\u00ed jedna protivn\u00e1 pomal\u00e1 serv\u00edrka. Firmy odm\u00edtaj\u00ed zak\u00e1zky, nebo vyr\u00e1b\u011bj\u00ed zoufale nekvalitn\u011b. Obrazn\u011b \u0159e\u010deno &ndash; lo\u010f se pot\u00e1p\u00ed, ale smet\u00e1nka na horn\u00ed palub\u011b st\u00e1le je\u0161t\u011b tan\u010d\u00ed a orchestr hraje.                                                                                                                                                                                                                                                                                                                                                                                        4.7\/5 - (6 votes)        "},{"@context":"https:\/\/schema.org\/","@type":"BreadcrumbList","itemListElement":[{"@type":"ListItem","position":1,"name":"Nov\u00e1 doba","item":"https:\/\/www.zindl.cz\/nova-doba\/#breadcrumbitem"}]}]