[{"@context":"https:\/\/schema.org\/","@type":"Article","@id":"https:\/\/www.zindl.cz\/podzimni-barvy-v-modnim-svete\/#Article","mainEntityOfPage":"https:\/\/www.zindl.cz\/podzimni-barvy-v-modnim-svete\/","headline":"Podzimn\u00ed barvy v m\u00f3dn\u00edm sv\u011bt\u011b","name":"Podzimn\u00ed barvy v m\u00f3dn\u00edm sv\u011bt\u011b","description":"Podzim je br\u00e1n jako obdob\u00ed, kdy se p\u0159\u00edroda chyst\u00e1 k zimn\u00edmu sp\u00e1nku a to hlavn\u011b z toho d\u016fvodu, aby po probuzen\u00ed bylo v\u0161e je\u0161t\u011b mnohem [&hellip;]","datePublished":"2018-06-24","dateModified":"2023-06-08","author":{"@type":"Person","@id":"https:\/\/www.zindl.cz\/author\/#Person","name":"","url":"https:\/\/www.zindl.cz\/author\/","identifier":1,"image":{"@type":"ImageObject","@id":"https:\/\/secure.gravatar.com\/avatar\/7726f7b8e3ba8979c4cf2ad896cb2e8cc05af8ceb17ce4fb40617b72e0be53b4?s=96&d=mm&r=g","url":"https:\/\/secure.gravatar.com\/avatar\/7726f7b8e3ba8979c4cf2ad896cb2e8cc05af8ceb17ce4fb40617b72e0be53b4?s=96&d=mm&r=g","height":96,"width":96}},"publisher":{"@type":"Organization","name":"zindl.cz","logo":{"@type":"ImageObject","@id":"\/logo.png","url":"\/logo.png","width":600,"height":60}},"image":{"@type":"ImageObject","@id":"https:\/\/www.zindl.cz\/wp-content\/uploads\/img_a319575_w2177_t1530604819.jpg","url":"https:\/\/www.zindl.cz\/wp-content\/uploads\/img_a319575_w2177_t1530604819.jpg","height":0,"width":0},"url":"https:\/\/www.zindl.cz\/podzimni-barvy-v-modnim-svete\/","wordCount":450,"articleBody":"Podzim je br\u00e1n jako obdob\u00ed, kdy se p\u0159\u00edroda chyst\u00e1 k zimn\u00edmu sp\u00e1nku a to hlavn\u011b z toho d\u016fvodu, aby po probuzen\u00ed bylo v\u0161e je\u0161t\u011b mnohem kr\u00e1sn\u011bj\u0161\u00ed a p\u0159\u00edjemn\u011bj\u0161\u00ed. Jedn\u00e1 se o kolob\u011bh \u017eivota, jeliko\u017e se ka\u017ed\u00fdm rokem tento jev opakuje.Obdob\u00ed, kter\u00e9 je pln\u00e9 slunce a tepla n\u00e1s zanedlouho zase opust\u00ed a nastane op\u011bt ten n\u00e1dhern\u00fd podzim. Krom\u011b toho, \u017ee je na podzim v\u0161echno kr\u00e1sn\u011b barevn\u00e9, je tak\u00e9 doprov\u00e1zen r\u016fzn\u00fdmi nemocemi, kter\u00fdm \u010dasto velk\u00e1 spousta lid\u00ed podl\u00e9h\u00e1. M\u016f\u017ee za to prudk\u00e9 ochlazen\u00ed, kdy se z tepl\u00fdch dn\u00ed najednou st\u00e1vaj\u00ed dny chladn\u00e9. Pokud si ale chcete zlep\u0161it n\u00e1ladu, pak byste m\u011bli vyrazit za n\u00e1kupy a po\u0159\u00eddit si n\u011bco vesel\u00e9ho co v\u00e1m ur\u010dit\u011b zvedne n\u00e1ladu.V\u0161echny topy a vzdu\u0161n\u00e9 materi\u00e1ly na podzim vyst\u0159\u00eddaj\u00ed mikiny \u010di svetry. I baler\u00edny nebo \u017eabky je d\u016fle\u017eit\u00e9 vym\u011bnit za tenisky nebo polobotky.V chladn\u011bj\u0161\u00edch m\u011bs\u00edc\u00edch je d\u016fle\u017eit\u00e9 obl\u00e9kat se nejen vrstvovit\u011b, ale tak\u00e9 efektivn\u011b a elegantn\u011b. Podzimn\u00ed barvy jsou velmi elegantn\u00ed, ale neslu\u0161\u00ed ka\u017ed\u00e9mu. Je proto d\u016fle\u017eit\u00e9, hledat tu podzimn\u00ed barvu, kter\u00e1 v\u00e1m bude nejv\u00edce slu\u0161et a vyhovovat. Rozhodn\u011b podzimu nechyb\u00ed ani styl.Mezi trendy, kter\u00e9 budou letos na podzim IN, bychom mohli za\u0159adit takov\u00fd kab\u00e1t, kter\u00fd m\u00e1 v\u00fdrazn\u00e9 nejen barvy ale tak\u00e9 st\u0159ih. Ur\u010dit\u011b se nemus\u00edte b\u00e1t barevn\u00fdch kombinac\u00ed, jeliko\u017e t\u00edm nic nezkaz\u00edte.Na takov\u00e9 denn\u00ed chozen\u00ed jsou ide\u00e1ln\u00ed n\u00edzk\u00e9 koza\u010dky, kter\u00e9 maj\u00ed \u0161irok\u00fd podpatek.Mezi ty nejv\u00edce trendy barvy bychom mohli za\u0159adit v\u00ednovou, bord\u00f3 nebo \u0161arlatovou. Ur\u010dit\u011b byste se nem\u011bli b\u00e1t je kombinovat s tmav\u011b zelenou nebo indigovou. Na tom nen\u00ed opravdu co zkazit.Nebo co takhle hn\u011bd\u00e1, p\u00edskov\u00e1 nebo zlat\u00e1? I to jsou barvy, kter\u00e9 dod\u00e1vaj\u00ed nejen \u0161ik, ale jsou tak\u00e9 elegantn\u00ed. Pokud alespo\u0148 v jedn\u00e9 z t\u011bchto barev zvol\u00edte kab\u00e1t \u010di kabelku, nebudete ni\u010deho litovat.Sly\u0161eli jste n\u011bkdy o skinny st\u0159ihu? Jedn\u00e1 se konkr\u00e9tn\u011b o kalhoty, kter\u00e9 nemusej\u00ed b\u00fdt jen v \u010dern\u00e9 barv\u011b, aby vypadaly a p\u016fsobily elegantn\u011b. M\u011bli byste je zkusit ve v\u00ednov\u00e9 barv\u011b a k nim je\u0161t\u011b vyzkou\u0161et hn\u011bdou ko\u017eenou bundu. Uvid\u00edte, \u017ee to bude vypadat opravdu \u00fa\u017easn\u011b!Nebojte se kombinovat. D\u00edky kombinac\u00edm toti\u017e m\u016f\u017eete vytvo\u0159it opravdu skv\u011bl\u00e9 kousky, kter\u00e9 jen tak n\u011bkdo nem\u00e1.                                                                                                                                                                                                                                                                                                                                                                                        4.7\/5 - (9 votes)        "},{"@context":"https:\/\/schema.org\/","@type":"BreadcrumbList","itemListElement":[{"@type":"ListItem","position":1,"name":"Podzimn\u00ed barvy v m\u00f3dn\u00edm sv\u011bt\u011b","item":"https:\/\/www.zindl.cz\/podzimni-barvy-v-modnim-svete\/#breadcrumbitem"}]}]