[{"@context":"https:\/\/schema.org\/","@type":"Article","@id":"https:\/\/www.zindl.cz\/zradna-politika\/#Article","mainEntityOfPage":"https:\/\/www.zindl.cz\/zradna-politika\/","headline":"Zr\u00e1dn\u00e1 politika","name":"Zr\u00e1dn\u00e1 politika","description":"Zaj\u00edm\u00e1te se o politiku? Mysl\u00edm, \u017ee je to velmi kontroverzn\u00ed t\u00e9ma. No jen se zkuste s n\u011bk\u00fdm bavit o politice. Podle m\u00e9ho n\u00e1zoru to nen\u00ed [&hellip;]","datePublished":"2022-01-10","dateModified":"2023-06-08","author":{"@type":"Person","@id":"https:\/\/www.zindl.cz\/author\/#Person","name":"","url":"https:\/\/www.zindl.cz\/author\/","identifier":1,"image":{"@type":"ImageObject","@id":"https:\/\/secure.gravatar.com\/avatar\/7726f7b8e3ba8979c4cf2ad896cb2e8cc05af8ceb17ce4fb40617b72e0be53b4?s=96&d=mm&r=g","url":"https:\/\/secure.gravatar.com\/avatar\/7726f7b8e3ba8979c4cf2ad896cb2e8cc05af8ceb17ce4fb40617b72e0be53b4?s=96&d=mm&r=g","height":96,"width":96}},"publisher":{"@type":"Organization","name":"zindl.cz","logo":{"@type":"ImageObject","@id":"\/logo.png","url":"\/logo.png","width":600,"height":60}},"image":{"@type":"ImageObject","@id":"https:\/\/www.zindl.cz\/wp-content\/uploads\/text%20ron.jpg","url":"https:\/\/www.zindl.cz\/wp-content\/uploads\/text%20ron.jpg","height":0,"width":0},"url":"https:\/\/www.zindl.cz\/zradna-politika\/","about":["Politika"],"wordCount":546,"articleBody":"Zaj\u00edm\u00e1te se o politiku? Mysl\u00edm, \u017ee je to velmi kontroverzn\u00ed t\u00e9ma. No jen se zkuste s n\u011bk\u00fdm bavit o politice. Podle m\u00e9ho n\u00e1zoru to nen\u00ed asi tak moc dobr\u00e9 t\u00e9ma na v\u0161echny okolnosti a p\u0159\u00edpady. Zn\u00e1m toti\u017e p\u00e1r p\u0159\u00edpad\u016f, kdy politika n\u011bkoho opravdu hodn\u011b a \u0161kared\u011b rozh\u00e1dala. No jen si to p\u0159edstavte. Sed\u00edm s p\u0159\u00edtelem na pohovce a d\u00edv\u00e1me se na film. Tento ve\u010der m\u011bl b\u00fdt cel\u00fd n\u00e1\u0161 jen\u017ee potom byla reklama. A co se nestalo. V reklam\u011b byla uk\u00e1zka na n\u011bjakou kandidaturu na politiku. Jednalo se o n\u011bjakou politickou stranu. J\u00e1 se o politiku moc nezaj\u00edm\u00e1m, ale n\u011bco m\u00e1lo se vyzn\u00e1m. A tak jsem jen tak mimochodem utrousila n\u011bjak\u00fd sm\u011b\u0161n\u00fd vtip na politickou stranu. A to jste m\u011bli vid\u011bt, jak to m\u00e9ho p\u0159\u00edtele na\u0161tvalo, byl cel\u00fd rud\u00fd. V\u016fbec jsem tomu nerozum\u011bla. A tak jsem se ho zeptala, poj\u010f ho tak vyto\u010dil vtip a jednu politickou stranu. A m\u016fj p\u0159\u00edtel \u0159ekl, \u017ee do t\u00e9to politick\u00e9 strany se chyst\u00e1 jeho strejda. Jak jsem to mohla v\u011bd\u011bt? Mysl\u00edm, \u017ee je to ale \u00fapln\u011b jedno.Nebo s t\u00edm snad souhlas\u00edte, \u017ee politika m\u016f\u017ee rozh\u00e1dat n\u011bjak\u00fd p\u00e1r nebo man\u017eelstv\u00ed? Mysl\u00edm, \u017ee je to docela \u0161patn\u00e9. V\u017edy\u0165 pro\u010d t\u00e9ma politika pat\u0159\u00ed n\u011bkam do rodiny? Podle m\u00e9ho n\u00e1zoru by se o politice nem\u011bl jen tak n\u011bkdo bavit. Moje kamar\u00e1dka to \u0159\u00edk\u00e1, \u017ee se m\u00e1me dr\u017eet zp\u011bt, co se t\u00fd\u010de politiky. Moje kamar\u00e1dka m\u00e1 sice r\u00e1da politiku a d\u00edv\u00e1 se na to v televizi a taky \u010dte odborn\u00e9 \u010dasopisy o politice, ale sama mi \u0159\u00edk\u00e1, \u017ee nen\u00ed radno se o tom jen tak s n\u011bk\u00fdm bavit. A\u0165 jsem r\u00e1da, \u017ee m\u00e1m kamar\u00e1dku, kter\u00e1 se o politiku zaj\u00edm\u00e1 a dok\u00e1\u017ee se o tom bavit se mnou. M\u00e1me sice ob\u010das n\u011bkdy rozd\u00edln\u00e9 n\u00e1zory na politick\u00e9 strany, ale nen\u00ed to v\u017edy katastrofa. Proto m\u011b hodn\u011b p\u0159ekvapilo, jak m\u016fj p\u0159\u00edtel na to reagoval. V\u017edy\u0165 p\u0159ece n\u00e1s nerozh\u00e1d\u00e1 n\u011bjak\u00e1 politick\u00e1 kampa\u0148? Mysl\u00edm, \u017ee by to bylo \u0161koda. A taky jsem rad\u0161i byla ticho a sledovala jsem film d\u00e1l sama. Byla jsem sama v\u00edte pro\u010d? Proto\u017ee m\u016fj p\u0159\u00edtel se na\u0161tval a ode\u0161el te\u010f ode\u0161el n\u011bkam ven a nev\u00edm kam te\u010f, tak\u017ee alespo\u0148 u\u017e v\u00edm, \u017ee se o politice nem\u00e1m bavit. Politika nen\u00ed vhodn\u00e9 t\u00e9ma asi pro nikoho. M\u016f\u017ee rozh\u00e1dat p\u0159\u00e1telstv\u00ed nebo partnerstv\u00ed. A m\u00e1te vid\u011bt, kdy\u017e se o tom bavit t\u0159eba mu\u017ei v hospod\u011b. Jednou jsem byla sv\u011bdek, jak politika rozh\u00e1dala kamar\u00e1dy v hospod\u011b. To potom byla rva\u010dka \u017ee jsem rad\u0161i ode\u0161la. Tak\u017ee o politice se bavte jenom s lidmi, o kter\u00fdch v\u00edte, \u017ee maj\u00ed na politiku stejn\u00fd n\u00e1zor jako vy.                                                                                                                                                                                                                                                                                                                                                                                        4.1\/5 - (9 votes)        "},{"@context":"https:\/\/schema.org\/","@type":"BreadcrumbList","itemListElement":[{"@type":"ListItem","position":1,"name":"Zr\u00e1dn\u00e1 politika","item":"https:\/\/www.zindl.cz\/zradna-politika\/#breadcrumbitem"}]}]